{"id":1217,"date":"2024-02-09T11:36:14","date_gmt":"2024-02-09T10:36:14","guid":{"rendered":"https:\/\/delayed.co\/blog\/?p=1217"},"modified":"2024-03-06T15:08:26","modified_gmt":"2024-03-06T14:08:26","slug":"quel-pays-visiter-en-mars","status":"publish","type":"post","link":"https:\/\/delayed.co\/blog\/quel-pays-visiter-en-mars","title":{"rendered":"Quel pays visiter en mars ?"},"content":{"rendered":"\n<p><strong>Mars<\/strong>, c\u2019est le meilleur des deux mondes.&nbsp;<em>L\u2019hiver touche \u00e0 sa fin, et dans certaines r\u00e9gions, le printemps s\u2019est d\u00e9j\u00e0 plus ou moins install\u00e9<\/em>.<\/p>\n\n\n\n<p>Sur le principe, aucun&nbsp;<strong>pays<\/strong>&nbsp;n\u2019est vraiment un mauvais&nbsp;<strong>choix<\/strong>, tout d\u00e9pend de ce que vous recherchez. O\u00f9 que vous alliez, vous n\u2019aurez ni trop chaud, ni trop froid nulle part.<\/p>\n\n\n\n<p>Mars est donc une bonne p\u00e9riode pour&nbsp;<strong>d\u00e9couvrir la plupart des r\u00e9gions du monde<\/strong>.<\/p>\n\n\n\n<p>Cerise sur le g\u00e2teau, vous \u00eates loin des deux p\u00e9riodes les plus ch\u00e8res de l\u2019ann\u00e9e : l\u2019\u00e9t\u00e9 et les f\u00eates de fin d\u2019ann\u00e9e. D\u2019un point de vue financier, c\u2019est donc un bon moment pour&nbsp;<strong>partir en voyage<\/strong>.<\/p>\n\n\n\n<div id=\"ez-toc-container\" class=\"ez-toc-v2_0_74 counter-hierarchy ez-toc-counter ez-toc-custom ez-toc-container-direction\">\n<div class=\"ez-toc-title-container\"><p class=\"ez-toc-title\" style=\"cursor:inherit\">Sommaire<\/p>\n<\/div><nav><ul class='ez-toc-list ez-toc-list-level-1 ' ><li class='ez-toc-page-1 ez-toc-heading-level-2'><a class=\"ez-toc-link ez-toc-heading-1\" href=\"https:\/\/delayed.co\/blog\/quel-pays-visiter-en-mars\/#les-debuts-du-printemps-une-bonne-periode-pour-le-tourisme-urbain\" >Les d\u00e9buts du printemps : une bonne p\u00e9riode pour le tourisme urbain<\/a><\/li><li class='ez-toc-page-1 ez-toc-heading-level-2'><a class=\"ez-toc-link ez-toc-heading-2\" href=\"https:\/\/delayed.co\/blog\/quel-pays-visiter-en-mars\/#les-dernieres-neiges\" >Les derni\u00e8res neiges<\/a><\/li><li class='ez-toc-page-1 ez-toc-heading-level-2'><a class=\"ez-toc-link ez-toc-heading-3\" href=\"https:\/\/delayed.co\/blog\/quel-pays-visiter-en-mars\/#les-pays-les-plus-chauds-a-leur-periode-la-plus-douce\" >Les pays les plus chauds \u00e0 leur p\u00e9riode la plus douce<\/a><\/li><li class='ez-toc-page-1 ez-toc-heading-level-2'><a class=\"ez-toc-link ez-toc-heading-4\" href=\"https:\/\/delayed.co\/blog\/quel-pays-visiter-en-mars\/#la-fin-de-lete-austral\" >La fin de l\u2019\u00e9t\u00e9 austral<\/a><\/li><li class='ez-toc-page-1 ez-toc-heading-level-2'><a class=\"ez-toc-link ez-toc-heading-5\" href=\"https:\/\/delayed.co\/blog\/quel-pays-visiter-en-mars\/#les-fetes-traditionnelles\" >Les f\u00eates traditionnelles<\/a><ul class='ez-toc-list-level-3' ><li class='ez-toc-heading-level-3'><a class=\"ez-toc-link ez-toc-heading-6\" href=\"https:\/\/delayed.co\/blog\/quel-pays-visiter-en-mars\/#voir-les-cerisiers-en-fleurs-au-japon\" >Voir les cerisiers en fleurs au Japon<\/a><\/li><li class='ez-toc-page-1 ez-toc-heading-level-3'><a class=\"ez-toc-link ez-toc-heading-7\" href=\"https:\/\/delayed.co\/blog\/quel-pays-visiter-en-mars\/#feter-la-saint-patrick-en-irlande-ou-aux-etats-unis\" >F\u00eater la Saint-Patrick en Irlande ou aux \u00c9tats-Unis<\/a><\/li><\/ul><\/li><li class='ez-toc-page-1 ez-toc-heading-level-2'><a class=\"ez-toc-link ez-toc-heading-8\" href=\"https:\/\/delayed.co\/blog\/quel-pays-visiter-en-mars\/#voyager-sereinement-en-mars-ou-toute-lannee-delayed-vous-aide-a-defendre-vos-droits\" >Voyager sereinement, en mars ou toute l\u2019ann\u00e9e : Delayed vous aide \u00e0 d\u00e9fendre vos droits<\/a><\/li><\/ul><\/nav><\/div>\n<h2 class=\"wp-block-heading\"><span class=\"ez-toc-section\" id=\"les-debuts-du-printemps-une-bonne-periode-pour-le-tourisme-urbain\"><\/span>Les d\u00e9buts du printemps : une bonne p\u00e9riode pour le tourisme urbain<span class=\"ez-toc-section-end\"><\/span><\/h2>\n\n\n\n<p>Si vous vivez en&nbsp;<strong>France m\u00e9tropolitaine<\/strong>, mars vous \u00e9voque forc\u00e9ment le&nbsp;<strong>d\u00e9but du printemps<\/strong>. En France, \u00e0 moins que vous ne viviez dans les Alpes, c\u2019est une p\u00e9riode de redoux. On y voit les premiers signes du printemps, m\u00eame si celui-ci ne commence que le 21.<\/p>\n\n\n\n<p>D\u2019une mani\u00e8re g\u00e9n\u00e9rale, le printemps est une saison agr\u00e9able, \u00e0 peu pr\u00e8s o\u00f9 que vous alliez. Mais d\u2019une personne \u00e0 une autre, vous ne l\u2019appr\u00e9cierez pas forc\u00e9ment pour les m\u00eames raisons.<\/p>\n\n\n\n<p>Il fait encore un peu&nbsp;<strong>froid<\/strong>&nbsp;pour partir en randonn\u00e9e. En revanche, c\u2019est la p\u00e9riode r\u00eav\u00e9e pour du&nbsp;<strong>tourisme culturel<\/strong>.<\/p>\n\n\n\n<p>L\u2019occasion de profiter des\u00a0<strong>nombreuses destinations<\/strong>\u00a0qu\u2019offre\u00a0<strong>le Vieux Continent<\/strong>. De\u00a0<strong>Londres<\/strong>\u00a0\u00e0\u00a0<strong>Bruxelles<\/strong>, en passant par\u00a0<strong>Venise<\/strong>,\u00a0<strong>Florence<\/strong>,\u00a0<strong>Vienne<\/strong>,\u00a0<strong>Porto<\/strong>, les villes \u00e0 d\u00e9couvrir \u00e0 travers l\u2019Europe ne manquent pas.<\/p>\n\n\n\n<figure class=\"wp-block-image size-full\"><img decoding=\"async\" width=\"900\" height=\"357\" src=\"https:\/\/delayed.co\/blog\/wp-content\/uploads\/2024\/02\/ville-de-porto-au-portugal-pays-a-visiter-en-mars.jpg\" alt=\"ville de porto au portugal pays a\u0300 visiter en mars\" class=\"wp-image-1222\" srcset=\"https:\/\/delayed.co\/blog\/wp-content\/uploads\/2024\/02\/ville-de-porto-au-portugal-pays-a-visiter-en-mars.jpg 900w, https:\/\/delayed.co\/blog\/wp-content\/uploads\/2024\/02\/ville-de-porto-au-portugal-pays-a-visiter-en-mars-300x119.jpg 300w, https:\/\/delayed.co\/blog\/wp-content\/uploads\/2024\/02\/ville-de-porto-au-portugal-pays-a-visiter-en-mars-768x305.jpg 768w\" sizes=\"(max-width: 900px) 100vw, 900px\" \/><\/figure>\n\n\n\n<h2 class=\"wp-block-heading\"><span class=\"ez-toc-section\" id=\"les-dernieres-neiges\"><\/span>Les derni\u00e8res neiges<span class=\"ez-toc-section-end\"><\/span><\/h2>\n\n\n\n<p>Mars, c\u2019est&nbsp;<strong>la p\u00e9riode charni\u00e8re entre l\u2019hiver et le printemps<\/strong>. Dans certaines r\u00e9gions, la neige est encore bien pr\u00e9sente.<\/p>\n\n\n\n<p>Vous souhaitez en profiter ? Pourquoi ne pas aller faire un tour en&nbsp;<strong>Laponie<\/strong>&nbsp;?&nbsp;<strong>Rovaniemi, en Finlande, ou Kiruna, en Su\u00e8de<\/strong>, vous offriront des destinations de r\u00eave.<\/p>\n\n\n\n<p>En montagne, la&nbsp;<strong>saison de ski<\/strong>&nbsp;bat encore son plein. Si vous le pratiquez, la&nbsp;<strong>Suisse<\/strong>&nbsp;ou&nbsp;<strong>l\u2019Autriche<\/strong>&nbsp;peuvent \u00eatre des destinations pour vous.<\/p>\n\n\n\n<p>Et bien s\u00fbr, vous pouvez aussi pr\u00e9f\u00e9rer profiter&nbsp;<strong>de la fonte des neiges au Canada<\/strong>. \u00c0&nbsp;<strong>Montr\u00e9al<\/strong>&nbsp;ou \u00e0&nbsp;<strong>Toronto<\/strong>, le thermom\u00e8tre est encore souvent en dessous de z\u00e9ro et les chutes de neige ne sont pas rares.<\/p>\n\n\n\n<h2 class=\"wp-block-heading\"><span class=\"ez-toc-section\" id=\"les-pays-les-plus-chauds-a-leur-periode-la-plus-douce\"><\/span>Les pays les plus chauds \u00e0 leur p\u00e9riode la plus douce<span class=\"ez-toc-section-end\"><\/span><\/h2>\n\n\n\n<p>Vous le savez, certains pays sont tr\u00e8s chauds en \u00e9t\u00e9. La chaleur peut \u00eatre difficile \u00e0 supporter pour certains.<\/p>\n\n\n\n<p><em>Mars est le moment id\u00e9al pour les d\u00e9couvrir.<\/em>&nbsp;Une p\u00e9riode agr\u00e9able pour d\u00e9couvrir&nbsp;<strong>l\u2019Europe du sud<\/strong>. Vous h\u00e9sitez \u00e0 visiter&nbsp;<strong>l\u2019Espagne, la Sicile, Malte ou la Gr\u00e8ce<\/strong>&nbsp;\u00e0 cause de la chaleur ? \u00c0 cette \u00e9poque de l\u2019ann\u00e9e, les temp\u00e9ratures sont tr\u00e8s agr\u00e9ables.<\/p>\n\n\n\n<p>Mais c\u2019est surtout le moment de profiter d\u2019autres destinations, des pays plus chauds encore. Toujours autour de&nbsp;<strong>la M\u00e9diterran\u00e9e, le Maghreb, l\u2019\u00c9gypte ou la Turquie<\/strong>&nbsp;sont des destinations \u00e0 d\u00e9couvrir.<\/p>\n\n\n\n<p>Dans d\u2019autres r\u00e9gions du monde, l\u2019atmosph\u00e8re peut devenir tr\u00e8s lourde en \u00e9t\u00e9. C\u2019est le cas de pays comme&nbsp;<strong>l\u2019Inde ou la Chine<\/strong>. Mars peut \u00eatre un bon moment pour les d\u00e9couvrir aussi.<\/p>\n\n\n\n<h2 class=\"wp-block-heading\"><span class=\"ez-toc-section\" id=\"la-fin-de-lete-austral\"><\/span>La fin de l\u2019\u00e9t\u00e9 austral<span class=\"ez-toc-section-end\"><\/span><\/h2>\n\n\n\n<p>En&nbsp;<strong>Australie, au Chili ou en Afrique du Sud<\/strong>, l\u2019\u00e9t\u00e9 touche \u00e0 sa fin. Les temp\u00e9ratures peuvent \u00eatre encore assez chaudes, mais beaucoup plus supportables qu\u2019au c\u0153ur de l\u2019\u00e9t\u00e9.<\/p>\n\n\n\n<p>La m\u00e9t\u00e9o vous offrira des conditions optimales pour toutes sortes de visites. Du s\u00e9jour gastronomique \u00e0 la d\u00e9couverte de la culture et de l\u2019histoire, en passant par les safaris et les randonn\u00e9es, les possibilit\u00e9s sont nombreuses, tr\u00e8s nombreuses.<\/p>\n\n\n\n<figure class=\"wp-block-image size-full\"><img decoding=\"async\" width=\"900\" height=\"357\" src=\"https:\/\/delayed.co\/blog\/wp-content\/uploads\/2024\/02\/ville-du-cap-en-afrique-du-sud-pays-a-visiter-en-mars.jpg\" alt=\"ville du cap en afrique du sud pays a\u0300 visiter en mars\" class=\"wp-image-1223\" srcset=\"https:\/\/delayed.co\/blog\/wp-content\/uploads\/2024\/02\/ville-du-cap-en-afrique-du-sud-pays-a-visiter-en-mars.jpg 900w, https:\/\/delayed.co\/blog\/wp-content\/uploads\/2024\/02\/ville-du-cap-en-afrique-du-sud-pays-a-visiter-en-mars-300x119.jpg 300w, https:\/\/delayed.co\/blog\/wp-content\/uploads\/2024\/02\/ville-du-cap-en-afrique-du-sud-pays-a-visiter-en-mars-768x305.jpg 768w\" sizes=\"(max-width: 900px) 100vw, 900px\" \/><\/figure>\n\n\n\n<h2 class=\"wp-block-heading\"><span class=\"ez-toc-section\" id=\"les-fetes-traditionnelles\"><\/span>Les f\u00eates traditionnelles<span class=\"ez-toc-section-end\"><\/span><\/h2>\n\n\n\n<p>Partout dans le monde, l\u2019ann\u00e9e est jalonn\u00e9e de f\u00eates traditionnelles. Celles-ci sont autant de marqueurs culturels des r\u00e9gions que vous visiterez.<\/p>\n\n\n\n<p>Si certaines f\u00eates s\u2019exportent, elles gardent une saveur particuli\u00e8re dans leur pays d\u2019origine.<\/p>\n\n\n\n<h3 class=\"wp-block-heading\"><span class=\"ez-toc-section\" id=\"voir-les-cerisiers-en-fleurs-au-japon\"><\/span>Voir les cerisiers en fleurs au Japon<span class=\"ez-toc-section-end\"><\/span><\/h3>\n\n\n\n<p>Les cerisiers ou&nbsp;<em>sakura<\/em>&nbsp;ont une place particuli\u00e8re dans l\u2019imaginaire collectif japonais. Le mois de mars est&nbsp;<em>la<\/em>&nbsp;p\u00e9riode pour venir les voir.<\/p>\n\n\n\n<p>C\u2019est le moment o\u00f9 ils fleurissent. Ainsi en fleurs, les cerisiers du&nbsp;<strong>Japon<\/strong>&nbsp;prennent une teinte blanche, l\u00e9g\u00e8rement ros\u00e9e, tr\u00e8s distinctive. Les fleurs de cerisiers sont associ\u00e9es symbolisent la vie dans ce qu\u2019elle a d\u2019\u00e9ph\u00e9m\u00e8re, mais aussi dans ce qu\u2019elle a de beau.<\/p>\n\n\n\n<p>Mars, c\u2019est la p\u00e9riode o\u00f9 les Japonais se rassemblent en masse dans les jardins publics pour&nbsp;<em>Hanami<\/em>&nbsp;(litt\u00e9ralement : \u00ab regarder les fleurs \u00bb). C\u2019est la p\u00e9riode des premiers pique-niques de l\u2019ann\u00e9e et l\u2019occasion de moments de convivialit\u00e9.<\/p>\n\n\n\n<h3 class=\"wp-block-heading\"><span class=\"ez-toc-section\" id=\"feter-la-saint-patrick-en-irlande-ou-aux-etats-unis\"><\/span>F\u00eater la Saint-Patrick en Irlande ou aux \u00c9tats-Unis<span class=\"ez-toc-section-end\"><\/span><\/h3>\n\n\n\n<p>Dans d\u2019autres r\u00e9gions, la convivialit\u00e9 prend d\u2019autres visages, qui ont aussi leur charme. Le 17 mars, c\u2019est la f\u00eate de la&nbsp;<strong>Saint-Patrick<\/strong>, saint patron de l\u2019Irlande.<\/p>\n\n\n\n<p>C\u2019est l\u2019occasion de nombreux d\u00e9fil\u00e9s dans les rues de&nbsp;<strong>Dublin, Cork, Shannon<\/strong>\u2026 L\u2019ambiance est festive et les rues sont red\u00e9cor\u00e9es en vert \u00e9meraude, aux couleurs de l\u2019\u00eele du m\u00eame nom.<\/p>\n\n\n\n<p>Mais comme beaucoup d\u2019autres f\u00eates, la Saint-Patrick s\u2019est mondialis\u00e9e. Hors de l\u2019Irlande, c\u2019est s\u00fbrement aux&nbsp;<strong>\u00c9tats-Unis<\/strong>&nbsp;qu\u2019elle est la plus remarquable. En effet, le pays accueille la plus grande communaut\u00e9 irlandaise au monde.<\/p>\n\n\n\n<p>Celle-ci repr\u00e9sente 40 millions de personnes, soit 6 fois plus que le nombre total d\u2019habitants de l\u2019\u00eele (nord et sud confondus) !<\/p>\n\n\n\n<p>Les Am\u00e9ricains d\u2019origine irlandaise sont surtout pr\u00e9sents dans le quart nord-ouest du pays. Ainsi, la Saint-Patrick sera particuli\u00e8rement impressionnante dans des villes comme&nbsp;<strong>New York<\/strong>,&nbsp;<strong>Boston<\/strong>&nbsp;ou&nbsp;<strong>Chicago<\/strong>.<\/p>\n\n\n\n<h2 class=\"wp-block-heading\"><span class=\"ez-toc-section\" id=\"voyager-sereinement-en-mars-ou-toute-lannee-delayed-vous-aide-a-defendre-vos-droits\"><\/span>Voyager sereinement, en mars ou toute l\u2019ann\u00e9e : Delayed vous aide \u00e0 d\u00e9fendre vos droits<span class=\"ez-toc-section-end\"><\/span><\/h2>\n\n\n\n<p>Au mois de mars, ou \u00e0 n\u2019importe quel autre moment dans l\u2019ann\u00e9e, quand vous voyagez, vous aspirez \u00e0 une chose : le faire dans de bonnes conditions.<\/p>\n\n\n\n<p>Mais dans la pratique, les probl\u00e8mes en vol ne sont pas rares, et ce quelle que soit la compagnie qui vous transporte. Votre vol peut \u00eatre retard\u00e9 ou annul\u00e9. S\u2019il a subi une surr\u00e9servation, il est possible qu\u2019on vous refuse l\u2019embarquement.<\/p>\n\n\n\n<p>Bonne nouvelle, le r\u00e8glement (CE) N\u00b0 261\/2004 pr\u00e9voit ce type de situation et vous garantit un certain nombre de droits. Ces droits sont autant d\u2019obligations pour la compagnie a\u00e9rienne qui vous transporte.<\/p>\n\n\n\n<p>Si votre vol a \u00e9t\u00e9 annul\u00e9, retard\u00e9 ou surbook\u00e9, vous avez peut-\u00eatre droit \u00e0 une indemnit\u00e9 forfaitaire. Pr\u00e9vue par la r\u00e9glementation europ\u00e9enne, elle reste soumise \u00e0 conditions et son montant varie en fonction de plusieurs facteurs.<\/p>\n\n\n\n<p>Vous souhaitez savoir si vous y avez droit ? Faites le test sur notre site.<\/p>\n<div style='text-align:center' class='yasr-auto-insert-visitor'><\/div>","protected":false},"excerpt":{"rendered":"<p>Mars, c\u2019est le meilleur des deux mondes.&nbsp;L\u2019hiver touche \u00e0 sa fin, et dans certaines...","protected":false},"author":1,"featured_media":1220,"comment_status":"open","ping_status":"open","sticky":false,"template":"","format":"standard","meta":{"_seopress_robots_primary_cat":"","_seopress_titles_title":"","_seopress_titles_desc":"","_seopress_robots_index":"","inline_featured_image":false,"yasr_overall_rating":0,"yasr_post_is_review":"","yasr_auto_insert_disabled":"","yasr_review_type":"","footnotes":""},"categories":[16],"tags":[],"class_list":["post-1217","post","type-post","status-publish","format-standard","has-post-thumbnail","hentry","category-conseils"],"yasr_visitor_votes":{"stars_attributes":{"read_only":false,"span_bottom":false},"number_of_votes":1,"sum_votes":5},"thumbnail":"https:\/\/delayed.co\/blog\/wp-content\/uploads\/2024\/02\/paysage-du-japon-un-pays-a-visiter-en-mars.jpg","categories_names":["Conseils"],"_links":{"self":[{"href":"https:\/\/delayed.co\/blog\/wp-json\/wp\/v2\/posts\/1217","targetHints":{"allow":["GET"]}}],"collection":[{"href":"https:\/\/delayed.co\/blog\/wp-json\/wp\/v2\/posts"}],"about":[{"href":"https:\/\/delayed.co\/blog\/wp-json\/wp\/v2\/types\/post"}],"author":[{"embeddable":true,"href":"https:\/\/delayed.co\/blog\/wp-json\/wp\/v2\/users\/1"}],"replies":[{"embeddable":true,"href":"https:\/\/delayed.co\/blog\/wp-json\/wp\/v2\/comments?post=1217"}],"version-history":[{"count":1,"href":"https:\/\/delayed.co\/blog\/wp-json\/wp\/v2\/posts\/1217\/revisions"}],"predecessor-version":[{"id":1227,"href":"https:\/\/delayed.co\/blog\/wp-json\/wp\/v2\/posts\/1217\/revisions\/1227"}],"wp:featuredmedia":[{"embeddable":true,"href":"https:\/\/delayed.co\/blog\/wp-json\/wp\/v2\/media\/1220"}],"wp:attachment":[{"href":"https:\/\/delayed.co\/blog\/wp-json\/wp\/v2\/media?parent=1217"}],"wp:term":[{"taxonomy":"category","embeddable":true,"href":"https:\/\/delayed.co\/blog\/wp-json\/wp\/v2\/categories?post=1217"},{"taxonomy":"post_tag","embeddable":true,"href":"https:\/\/delayed.co\/blog\/wp-json\/wp\/v2\/tags?post=1217"}],"curies":[{"name":"wp","href":"https:\/\/api.w.org\/{rel}","templated":true}]}}