{"id":2029,"date":"2025-08-07T15:20:19","date_gmt":"2025-08-07T13:20:19","guid":{"rendered":"https:\/\/delayed.co\/blog\/?p=2029"},"modified":"2025-03-18T16:43:20","modified_gmt":"2025-03-18T15:43:20","slug":"retard-de-vol-comment-obtenir-une-compensation-meme-sans-assurance-2","status":"publish","type":"post","link":"https:\/\/delayed.co\/blog\/retard-de-vol-comment-obtenir-une-compensation-meme-sans-assurance-2","title":{"rendered":"Retard de vol : comment obtenir une compensation m\u00eame sans assurance"},"content":{"rendered":"\n<p>Lorsque vous prenez un billet d\u2019avion aupr\u00e8s d\u2019une compagnie a\u00e9rienne, cette derni\u00e8re vous offre g\u00e9n\u00e9ralement la possibilit\u00e9 de souscrire en plus une assurance sp\u00e9cifique aux passagers a\u00e9riens. Cette assurance vous permet de b\u00e9n\u00e9ficier d\u2019une compensation financi\u00e8re en cas de probl\u00e8me rencontr\u00e9 sur votre vol. N\u00e9anmoins, m\u00eame si vous n\u2019avez pas pris cette assurance, vous pouvez quand m\u00eame obtenir une compensation financi\u00e8re en cas de retard de vol, conform\u00e9ment au r\u00e8glement CE 261\/2004, qui prot\u00e8ge vos droits en tant que passager a\u00e9rien. On vous en dit plus dans cet article.<\/p>\n\n\n\n<div id=\"ez-toc-container\" class=\"ez-toc-v2_0_74 counter-hierarchy ez-toc-counter ez-toc-custom ez-toc-container-direction\">\n<div class=\"ez-toc-title-container\"><p class=\"ez-toc-title\" style=\"cursor:inherit\">Sommaire<\/p>\n<\/div><nav><ul class='ez-toc-list ez-toc-list-level-1 ' ><li class='ez-toc-page-1 ez-toc-heading-level-2'><a class=\"ez-toc-link ez-toc-heading-1\" href=\"https:\/\/delayed.co\/blog\/retard-de-vol-comment-obtenir-une-compensation-meme-sans-assurance-2\/#votre-vol-est-retarde-et-vous-navez-pas-dassurance-vous-avez-quand-meme-le-droit-a-une-indemnisation\" >Votre vol est retard\u00e9 et vous n\u2019avez pas d\u2019assurance ? Vous avez quand m\u00eame le droit \u00e0 une indemnisation ?<\/a><\/li><li class='ez-toc-page-1 ez-toc-heading-level-2'><a class=\"ez-toc-link ez-toc-heading-2\" href=\"https:\/\/delayed.co\/blog\/retard-de-vol-comment-obtenir-une-compensation-meme-sans-assurance-2\/#obtenez-facilement-votre-indemnisation-pour-votre-vol-retarde-grace-a-delayed\" >Obtenez facilement votre indemnisation pour votre vol retard\u00e9 gr\u00e2ce \u00e0 Delayed<\/a><\/li><\/ul><\/nav><\/div>\n<h2 class=\"wp-block-heading\"><span class=\"ez-toc-section\" id=\"votre-vol-est-retarde-et-vous-navez-pas-dassurance-vous-avez-quand-meme-le-droit-a-une-indemnisation\"><\/span>Votre vol est retard\u00e9 et vous n\u2019avez pas d\u2019assurance ? Vous avez quand m\u00eame le droit \u00e0 une indemnisation ?<span class=\"ez-toc-section-end\"><\/span><\/h2>\n\n\n\n<p>Il n\u2019est pas obligatoire de prendre les assurances propos\u00e9es par les compagnies a\u00e9riennes pour obtenir une compensation financi\u00e8re en cas de vol retard\u00e9. En effet, gr\u00e2ce \u00e0 la r\u00e9glementation <a href=\"https:\/\/delayed.co\/blog\/loi-261-2004-ce-que-les-compagnies-aeriennes-ne-veulent-pas-que-vous-sachiez\">europ\u00e9enne CE 261\/2004<\/a>, il est possible d\u2019\u00eatre indemnis\u00e9 pour son vol retard\u00e9, m\u00eame sans assurance. Il sera bien s\u00fbr n\u00e9cessaire de remplir les conditions d\u00e9finies par ce r\u00e8glement, mais si votre <a href=\"https:\/\/delayed.co\/blog\/pourquoi-avion-retarde\">vol retard\u00e9<\/a> est \u00e9ligible, vous pourrez obtenir jusqu\u2019\u00e0 600 \u20ac d\u2019indemnisation, selon les circonstances de votre vol.<\/p>\n\n\n\n<p>Le r\u00e8glement CE 261\/2004 concerne tous les <a href=\"https:\/\/delayed.co\/blog\/les-bonnes-raisons-de-connaitre-vos-droits-de-passager-aerien\">passagers a\u00e9riens<\/a>, quelle que soit leur nationalit\u00e9. Il couvre tous les <a href=\"https:\/\/delayed.co\/blog\/quel-dedommagement-vol-retarde\">vols retard\u00e9s<\/a> au d\u00e9part de l\u2019un des 28 pays de l\u2019UE, de 3 pays hors UE (Suisse, Islande et Norv\u00e8ge), et des r\u00e9gions ultrap\u00e9riph\u00e9riques (Guyane fran\u00e7aise, Martinique, Mayotte, Guadeloupe, \u00eele de la R\u00e9union, Saint-Martin, Mad\u00e8re, les A\u00e7ores et les \u00eeles Canaries). Il couvre \u00e9galement tous les vols \u00e0 l\u2019arriv\u00e9e d\u2019un pays de l\u2019UE, mais seulement si la compagnie a\u00e9rienne est europ\u00e9enne.<\/p>\n\n\n\n<figure class=\"wp-block-image size-large\"><img decoding=\"async\" width=\"1024\" height=\"406\" src=\"https:\/\/delayed.co\/blog\/wp-content\/uploads\/2025\/02\/voyageuse-visiblement-agacee-en-lisant-un-message-automatique-de-la-compagnie-aerienne-1024x406.jpg\" alt=\"voyageuse visiblement agacee en lisant un message automatique de la compagnie aerienne\" class=\"wp-image-2393\" srcset=\"https:\/\/delayed.co\/blog\/wp-content\/uploads\/2025\/02\/voyageuse-visiblement-agacee-en-lisant-un-message-automatique-de-la-compagnie-aerienne-1024x406.jpg 1024w, https:\/\/delayed.co\/blog\/wp-content\/uploads\/2025\/02\/voyageuse-visiblement-agacee-en-lisant-un-message-automatique-de-la-compagnie-aerienne-300x119.jpg 300w, https:\/\/delayed.co\/blog\/wp-content\/uploads\/2025\/02\/voyageuse-visiblement-agacee-en-lisant-un-message-automatique-de-la-compagnie-aerienne-768x305.jpg 768w, https:\/\/delayed.co\/blog\/wp-content\/uploads\/2025\/02\/voyageuse-visiblement-agacee-en-lisant-un-message-automatique-de-la-compagnie-aerienne-1536x609.jpg 1536w, https:\/\/delayed.co\/blog\/wp-content\/uploads\/2025\/02\/voyageuse-visiblement-agacee-en-lisant-un-message-automatique-de-la-compagnie-aerienne.jpg 1800w\" sizes=\"(max-width: 1024px) 100vw, 1024px\" \/><\/figure>\n\n\n\n<p>Pour que votre <a href=\"https:\/\/delayed.co\/blog\/qui-est-responsable-vol-retarde\">vol retard\u00e9<\/a> soit \u00e9ligible \u00e0 une indemnisation financi\u00e8re de la part de la compagnie a\u00e9rienne, m\u00eame si vous n\u2019avez pas pris l\u2019assurance propos\u00e9e lors de l\u2019achat du billet, il devra remplir les conditions suivantes :<\/p>\n\n\n\n<ul class=\"wp-block-list\">\n<li>La compagnie a\u00e9rienne est directement responsable du retard de vol (probl\u00e8me technique sur l\u2019avion, gr\u00e8ve du personnel de la compagnie, etc.)<\/li>\n\n\n\n<li>Votre vol arrive \u00e0 destination apr\u00e8s 3 heures de retard minimum<\/li>\n\n\n\n<li>Vous \u00eates arriv\u00e9 \u00e0 l\u2019enregistrement en temps voulu<\/li>\n<\/ul>\n\n\n\n<p>Si ces trois conditions sont remplies, vous aurez la possibilit\u00e9 de b\u00e9n\u00e9ficier d\u2019une indemnisation, qui pourra varier entre 250 et 600 \u20ac, en fonction de la distance de votre vol et de la dur\u00e9e du retard.&nbsp;<strong>(TABLEAU)<\/strong><\/p>\n\n\n\n<h2 class=\"wp-block-heading\"><span class=\"ez-toc-section\" id=\"obtenez-facilement-votre-indemnisation-pour-votre-vol-retarde-grace-a-delayed\"><\/span>Obtenez facilement votre indemnisation pour votre vol retard\u00e9 gr\u00e2ce \u00e0 Delayed<span class=\"ez-toc-section-end\"><\/span><\/h2>\n\n\n\n<figure class=\"wp-block-image size-large\"><img decoding=\"async\" width=\"1024\" height=\"406\" src=\"https:\/\/delayed.co\/blog\/wp-content\/uploads\/2025\/02\/passager-souriant-1024x406.jpg\" alt=\"passager souriant\" class=\"wp-image-2395\" srcset=\"https:\/\/delayed.co\/blog\/wp-content\/uploads\/2025\/02\/passager-souriant-1024x406.jpg 1024w, https:\/\/delayed.co\/blog\/wp-content\/uploads\/2025\/02\/passager-souriant-300x119.jpg 300w, https:\/\/delayed.co\/blog\/wp-content\/uploads\/2025\/02\/passager-souriant-768x305.jpg 768w, https:\/\/delayed.co\/blog\/wp-content\/uploads\/2025\/02\/passager-souriant-1536x609.jpg 1536w, https:\/\/delayed.co\/blog\/wp-content\/uploads\/2025\/02\/passager-souriant.jpg 1800w\" sizes=\"(max-width: 1024px) 100vw, 1024px\" \/><\/figure>\n\n\n\n<p>Delayed vous aide \u00e0 obtenir une compensation financi\u00e8re pour votre vol retard\u00e9, m\u00eame si vous n\u2019avez pas d\u2019assurance. En nous appuyant sur la r\u00e9glementation CE 261\/2004, nous vous accompagnons dans votre demande d\u2019indemnisation en nous occupant de toutes les d\u00e9marches administratives n\u00e9cessaires aupr\u00e8s de la compagnie a\u00e9rienne concern\u00e9e par le retard de votre vol :<\/p>\n\n\n\n<ul class=\"wp-block-list\">\n<li>Remplissage du formulaire d\u2019indemnisation<\/li>\n\n\n\n<li>V\u00e9rification des pi\u00e8ces justificatives<\/li>\n<\/ul>\n\n\n\n<p>Vous recevrez ainsi une r\u00e9ponse dans les plus brefs d\u00e9lais quant \u00e0 la recevabilit\u00e9 de votre demande d\u2019indemnisation, et un conseiller d\u00e9di\u00e9 vous tiendra inform\u00e9 en temps r\u00e9el de l\u2019\u00e9tat d\u2019avancement de votre demande.<\/p>\n\n\n\n<p>En choisissant nos services, vous minimiserez votre risque financier, dans la mesure o\u00f9 nous assumerons la totalit\u00e9 des frais juridiques de la demande d\u2019indemnisation. Nos frais de service ne vous seront factur\u00e9s que si vous obtenez gain de cause.<\/p>\n<div style='text-align:center' class='yasr-auto-insert-visitor'><\/div>","protected":false},"excerpt":{"rendered":"<p>Lorsque vous prenez un billet d\u2019avion aupr\u00e8s d\u2019une compagnie a\u00e9rienne, cette derni\u00e8re...","protected":false},"author":1,"featured_media":2487,"comment_status":"open","ping_status":"open","sticky":false,"template":"","format":"standard","meta":{"_seopress_robots_primary_cat":"","_seopress_titles_title":"","_seopress_titles_desc":"","_seopress_robots_index":"","inline_featured_image":false,"yasr_overall_rating":0,"yasr_post_is_review":"","yasr_auto_insert_disabled":"","yasr_review_type":"","footnotes":""},"categories":[31],"tags":[],"class_list":["post-2029","post","type-post","status-publish","format-standard","has-post-thumbnail","hentry","category-informations"],"yasr_visitor_votes":{"stars_attributes":{"read_only":false,"span_bottom":false},"number_of_votes":0,"sum_votes":0},"thumbnail":"https:\/\/delayed.co\/blog\/wp-content\/uploads\/2025\/02\/retard-de-vol.jpg","categories_names":["Informations"],"_links":{"self":[{"href":"https:\/\/delayed.co\/blog\/wp-json\/wp\/v2\/posts\/2029","targetHints":{"allow":["GET"]}}],"collection":[{"href":"https:\/\/delayed.co\/blog\/wp-json\/wp\/v2\/posts"}],"about":[{"href":"https:\/\/delayed.co\/blog\/wp-json\/wp\/v2\/types\/post"}],"author":[{"embeddable":true,"href":"https:\/\/delayed.co\/blog\/wp-json\/wp\/v2\/users\/1"}],"replies":[{"embeddable":true,"href":"https:\/\/delayed.co\/blog\/wp-json\/wp\/v2\/comments?post=2029"}],"version-history":[{"count":3,"href":"https:\/\/delayed.co\/blog\/wp-json\/wp\/v2\/posts\/2029\/revisions"}],"predecessor-version":[{"id":2489,"href":"https:\/\/delayed.co\/blog\/wp-json\/wp\/v2\/posts\/2029\/revisions\/2489"}],"wp:featuredmedia":[{"embeddable":true,"href":"https:\/\/delayed.co\/blog\/wp-json\/wp\/v2\/media\/2487"}],"wp:attachment":[{"href":"https:\/\/delayed.co\/blog\/wp-json\/wp\/v2\/media?parent=2029"}],"wp:term":[{"taxonomy":"category","embeddable":true,"href":"https:\/\/delayed.co\/blog\/wp-json\/wp\/v2\/categories?post=2029"},{"taxonomy":"post_tag","embeddable":true,"href":"https:\/\/delayed.co\/blog\/wp-json\/wp\/v2\/tags?post=2029"}],"curies":[{"name":"wp","href":"https:\/\/api.w.org\/{rel}","templated":true}]}}