{"id":2097,"date":"2025-05-01T11:43:51","date_gmt":"2025-05-01T09:43:51","guid":{"rendered":"https:\/\/delayed.co\/blog\/?p=2097"},"modified":"2025-03-18T16:29:10","modified_gmt":"2025-03-18T15:29:10","slug":"quels-sont-les-meilleurs-tour-operators","status":"publish","type":"post","link":"https:\/\/delayed.co\/blog\/quels-sont-les-meilleurs-tour-operators","title":{"rendered":"Quels sont les meilleurs tour-operators ?"},"content":{"rendered":"\n<p>Les tour-op\u00e9rators proposent aux vacanciers des s\u00e9jours tout compris, incluant le transport et l\u2019h\u00e9bergement mais aussi les activit\u00e9s sur place. Depuis les croisi\u00e8res et les clubs, jusqu\u2019aux immersions dans des cultures tr\u00e8s \u00e9loign\u00e9es des n\u00f4tres, d\u00e9couvrez trois agences de voyages qui offrent la possibilit\u00e9 de composer des vacances qui vous ressemblent.<\/p>\n\n\n\n<div id=\"ez-toc-container\" class=\"ez-toc-v2_0_74 counter-hierarchy ez-toc-counter ez-toc-custom ez-toc-container-direction\">\n<div class=\"ez-toc-title-container\"><p class=\"ez-toc-title\" style=\"cursor:inherit\">Sommaire<\/p>\n<\/div><nav><ul class='ez-toc-list ez-toc-list-level-1 ' ><li class='ez-toc-page-1 ez-toc-heading-level-2'><a class=\"ez-toc-link ez-toc-heading-1\" href=\"https:\/\/delayed.co\/blog\/quels-sont-les-meilleurs-tour-operators\/#tui-voyages\" >Tui voyages<\/a><\/li><li class='ez-toc-page-1 ez-toc-heading-level-2'><a class=\"ez-toc-link ez-toc-heading-2\" href=\"https:\/\/delayed.co\/blog\/quels-sont-les-meilleurs-tour-operators\/#evaneos\" >Evaneos<\/a><\/li><li class='ez-toc-page-1 ez-toc-heading-level-2'><a class=\"ez-toc-link ez-toc-heading-3\" href=\"https:\/\/delayed.co\/blog\/quels-sont-les-meilleurs-tour-operators\/#comptoir-des-voyages\" >Comptoir des voyages<\/a><\/li><\/ul><\/nav><\/div>\n<h2 class=\"wp-block-heading\"><span class=\"ez-toc-section\" id=\"tui-voyages\"><\/span>Tui voyages<span class=\"ez-toc-section-end\"><\/span><\/h2>\n\n\n\n<p>Le 7 avril 2022, le tour op\u00e9rator Tui France recevait le Travel d\u2019Or dans la cat\u00e9gorie \u00ab&nbsp;Tour-op\u00e9rator pr\u00e9f\u00e9r\u00e9 des Fran\u00e7ais&nbsp;\u00bb. Reconnu pour sa fiabilit\u00e9 et ses prestations de qualit\u00e9, le groupe Tui constitue aujourd\u2019hui le leader mondial du voyage et le premier voyagiste fran\u00e7ais.&nbsp;<\/p>\n\n\n\n<p>Fond\u00e9e en 1968 en Allemagne, la soci\u00e9t\u00e9 Tui propose une large gamme de s\u00e9jours tout compris, notamment en club ou sur des croisi\u00e8res, et accompagne chaque ann\u00e9e 27 millions de vacanciers vers plus de 115 destinations. Sa filiale fran\u00e7aise a vu le jour en 2012, suite au rachat et \u00e0 la fusion de plusieurs enseignes nationales&nbsp;: Nouvelles Fronti\u00e8res, Corsair International, Marmara, Tourinter et Aventuria.<\/p>\n\n\n\n<p>Plus que des vacances de qualit\u00e9, le groupe Tui s\u2019engage \u00e0 promouvoir le tourisme durable en respectant les communaut\u00e9s locales et leur environnement. L\u2019entreprise fait d\u2019ailleurs partie des signataires du Code Mondial d\u2019\u00c9thique du Tourisme, r\u00e9dig\u00e9 en 1999 par l\u2019Organisation Mondiale du Tourisme. Dans cette optique, la soci\u00e9t\u00e9 a \u00e9galement cr\u00e9\u00e9, en 2016, la Tui Care Foundation, qui vise \u00e0 renforcer l\u2019impact positif du groupe par le biais d\u2019actions directes. Celles-ci peuvent prendre diff\u00e9rentes formes, notamment la stimulation de l\u2019\u00e9conomie locale, l\u2019\u00e9ducation et la formation professionnelle ou encore la pr\u00e9servation de la nature.<\/p>\n\n\n\n<figure class=\"wp-block-image size-large\"><img decoding=\"async\" width=\"1024\" height=\"406\" src=\"https:\/\/delayed.co\/blog\/wp-content\/uploads\/2025\/02\/tui-1024x406.jpg\" alt=\"tui\" class=\"wp-image-2299\" srcset=\"https:\/\/delayed.co\/blog\/wp-content\/uploads\/2025\/02\/tui-1024x406.jpg 1024w, https:\/\/delayed.co\/blog\/wp-content\/uploads\/2025\/02\/tui-300x119.jpg 300w, https:\/\/delayed.co\/blog\/wp-content\/uploads\/2025\/02\/tui-768x305.jpg 768w, https:\/\/delayed.co\/blog\/wp-content\/uploads\/2025\/02\/tui-1536x609.jpg 1536w, https:\/\/delayed.co\/blog\/wp-content\/uploads\/2025\/02\/tui.jpg 1800w\" sizes=\"(max-width: 1024px) 100vw, 1024px\" \/><\/figure>\n\n\n\n<h2 class=\"wp-block-heading\"><span class=\"ez-toc-section\" id=\"evaneos\"><\/span>Evaneos<span class=\"ez-toc-section-end\"><\/span><\/h2>\n\n\n\n<p>Apparue en 2009, la plateforme Evaneos met en relation des voyageurs avec des agences locales s\u00e9lectionn\u00e9es dans le monde entier. Elle fait partie des pr\u00e9f\u00e9r\u00e9es des Fran\u00e7ais, notamment en raison de son engagement pour la pr\u00e9servation de l\u2019environnement et des \u00e9conomies locales. Le site offre ainsi la possibilit\u00e9 de planifier des s\u00e9jours personnalis\u00e9s partout dans le monde, se charge de la gestion des dossiers et des n\u00e9gociations entre les deux parties pour chaque projet.<\/p>\n\n\n\n<p>Parmi les services propos\u00e9s, Evaneos permet de cr\u00e9er son propre itin\u00e9raire en collaboration avec des sp\u00e9cialistes du milieu, pour des vacances enti\u00e8rement sur mesure, ou encore de choisir dans une s\u00e9lection de <a href=\"https:\/\/delayed.co\/blog\/quelle-assurance-voyage-choisir\">voyages<\/a> th\u00e9matiques. Le site r\u00e9pertorie notamment les <a href=\"https:\/\/delayed.co\/blog\/quel-pays-visiter-en-decembre\">meilleurs<\/a> endroits pour partir en \u00e9t\u00e9, \u00e0 No\u00ebl ou bien au printemps. Il dispose m\u00eame d\u2019un moteur de recherche de destinations, <a href=\"https:\/\/delayed.co\/blog\/quel-pays-visiter-en-janvier\">sugg\u00e9r\u00e9es \u00e0 partir de questions personnalis\u00e9es sur les envies et besoins<\/a> des futurs vacanciers.<\/p>\n\n\n\n<h2 class=\"wp-block-heading\"><span class=\"ez-toc-section\" id=\"comptoir-des-voyages\"><\/span>Comptoir des voyages<span class=\"ez-toc-section-end\"><\/span><\/h2>\n\n\n\n<figure class=\"wp-block-image size-large\"><img decoding=\"async\" width=\"1024\" height=\"406\" src=\"https:\/\/delayed.co\/blog\/wp-content\/uploads\/2025\/02\/femme-a-laeroport-contenteapres-indemnisation-1024x406.jpg\" alt=\"femme a laeroport contenteapres indemnisation\" class=\"wp-image-2301\" srcset=\"https:\/\/delayed.co\/blog\/wp-content\/uploads\/2025\/02\/femme-a-laeroport-contenteapres-indemnisation-1024x406.jpg 1024w, https:\/\/delayed.co\/blog\/wp-content\/uploads\/2025\/02\/femme-a-laeroport-contenteapres-indemnisation-300x119.jpg 300w, https:\/\/delayed.co\/blog\/wp-content\/uploads\/2025\/02\/femme-a-laeroport-contenteapres-indemnisation-768x305.jpg 768w, https:\/\/delayed.co\/blog\/wp-content\/uploads\/2025\/02\/femme-a-laeroport-contenteapres-indemnisation-1536x609.jpg 1536w, https:\/\/delayed.co\/blog\/wp-content\/uploads\/2025\/02\/femme-a-laeroport-contenteapres-indemnisation.jpg 1800w\" sizes=\"(max-width: 1024px) 100vw, 1024px\" \/><\/figure>\n\n\n\n<p>Parmi les tour-op\u00e9rators les mieux not\u00e9s figure \u00e9galement Comptoir des voyages. Depuis plus de 30 ans, cette entreprise propose des excursions sur mesure en immersion vers plus de 90 destinations, r\u00e9parties sur les 5 continents.&nbsp;<\/p>\n\n\n\n<p>Le site dispose lui aussi d\u2019un moteur de recherche pour trouver une destination inspirante et permet ensuite aux voyageurs de construire leur itin\u00e9raire personnalis\u00e9 avec les experts de l\u2019agence. Celle-ci poss\u00e8de un large catalogue d\u2019h\u00e9bergements authentiques, dans de petites structures locales partenaires. Comptoir des voyages propose \u00e9galement des exp\u00e9riences \u00e0 vivre sur place, ax\u00e9es sur l\u2019immersion culturelle et la d\u00e9couverte de pratiques locales, telles que la p\u00eache au trou au Groenland, la cuisine cr\u00e9ole \u00e0 La R\u00e9union ou encore la calligraphie au Japon.<\/p>\n<div style='text-align:center' class='yasr-auto-insert-visitor'><\/div>","protected":false},"excerpt":{"rendered":"<p>Les tour-op\u00e9rators proposent aux vacanciers des s\u00e9jours tout compris, incluant le transport...","protected":false},"author":1,"featured_media":2447,"comment_status":"open","ping_status":"open","sticky":false,"template":"","format":"standard","meta":{"_seopress_robots_primary_cat":"","_seopress_titles_title":"Composez des vacances sur mesure avec Tui Voyages, Evaneos et Comptoir des Voyages","_seopress_titles_desc":"","_seopress_robots_index":"","inline_featured_image":false,"yasr_overall_rating":0,"yasr_post_is_review":"","yasr_auto_insert_disabled":"","yasr_review_type":"","footnotes":""},"categories":[31],"tags":[],"class_list":["post-2097","post","type-post","status-publish","format-standard","has-post-thumbnail","hentry","category-informations"],"yasr_visitor_votes":{"stars_attributes":{"read_only":false,"span_bottom":false},"number_of_votes":0,"sum_votes":0},"thumbnail":"https:\/\/delayed.co\/blog\/wp-content\/uploads\/2025\/04\/tour-operators-proposent-aux-vacanciers-des-sejours.jpg","categories_names":["Informations"],"_links":{"self":[{"href":"https:\/\/delayed.co\/blog\/wp-json\/wp\/v2\/posts\/2097","targetHints":{"allow":["GET"]}}],"collection":[{"href":"https:\/\/delayed.co\/blog\/wp-json\/wp\/v2\/posts"}],"about":[{"href":"https:\/\/delayed.co\/blog\/wp-json\/wp\/v2\/types\/post"}],"author":[{"embeddable":true,"href":"https:\/\/delayed.co\/blog\/wp-json\/wp\/v2\/users\/1"}],"replies":[{"embeddable":true,"href":"https:\/\/delayed.co\/blog\/wp-json\/wp\/v2\/comments?post=2097"}],"version-history":[{"count":3,"href":"https:\/\/delayed.co\/blog\/wp-json\/wp\/v2\/posts\/2097\/revisions"}],"predecessor-version":[{"id":2303,"href":"https:\/\/delayed.co\/blog\/wp-json\/wp\/v2\/posts\/2097\/revisions\/2303"}],"wp:featuredmedia":[{"embeddable":true,"href":"https:\/\/delayed.co\/blog\/wp-json\/wp\/v2\/media\/2447"}],"wp:attachment":[{"href":"https:\/\/delayed.co\/blog\/wp-json\/wp\/v2\/media?parent=2097"}],"wp:term":[{"taxonomy":"category","embeddable":true,"href":"https:\/\/delayed.co\/blog\/wp-json\/wp\/v2\/categories?post=2097"},{"taxonomy":"post_tag","embeddable":true,"href":"https:\/\/delayed.co\/blog\/wp-json\/wp\/v2\/tags?post=2097"}],"curies":[{"name":"wp","href":"https:\/\/api.w.org\/{rel}","templated":true}]}}